{"@context":{"dc":"http:\/\/purl.org\/dc\/elements\/1.1\/","skos":"http:\/\/www.w3.org\/2004\/02\/skos\/core#","skos:broader":{"@type":"@id"},"skos:inScheme":{"@type":"@id"},"skos:related":{"@type":"@id"},"skos:narrower":{"@type":"@id"},"skos:hasTopConcept":{"@type":"@id"},"skos:topConceptOf":{"@type":"@id"}},"@id":"https:\/\/adm.senado.leg.br\/vcb\/vocab\/skos\/9320","@type":"skos:Concept","skos:prefLabel":{"@language":"pt-BR","@value=":"Participa\u00e7\u00e3o social"},"skos:inScheme":"https:\/\/adm.senado.leg.br\/vcb\/vocab\/","dct:created":"2020-09-18 17:43:43","skos:definition":[{"@lang":"ab","@value":"Relaciona-se com a vida associativa e s\u00f3cio-comunit\u00e1ria, como a participa\u00e7\u00e3o na vida escolar, nos clubes, nas associa\u00e7\u00f5es esportivas, nos bairros. E ainda, pode incluir o envolvimento em causas e iniciativas, em obras filantr\u00f3picas, trabalho volunt\u00e1rio ou em movimentos comunit\u00e1rios.$vInfoJovem.$uhttp:\/\/www.infojovem.org.br\/infopedia\/descubra-e-aprenda\/participacao\/participacao-social\/ "}],"skos:narrower":["https:\/\/adm.senado.leg.br\/vcb\/vocab\/skos\/3745","https:\/\/adm.senado.leg.br\/vcb\/vocab\/skos\/19057"],"skos:broader":["https:\/\/adm.senado.leg.br\/vcb\/vocab\/skos\/2051","https:\/\/adm.senado.leg.br\/vcb\/vocab\/skos\/12503"],"skos:related":["https:\/\/adm.senado.leg.br\/vcb\/vocab\/skos\/19025","https:\/\/adm.senado.leg.br\/vcb\/vocab\/skos\/29369","https:\/\/adm.senado.leg.br\/vcb\/vocab\/skos\/3810","https:\/\/adm.senado.leg.br\/vcb\/vocab\/skos\/10957","https:\/\/adm.senado.leg.br\/vcb\/vocab\/skos\/15480","https:\/\/adm.senado.leg.br\/vcb\/vocab\/skos\/8115","https:\/\/adm.senado.leg.br\/vcb\/vocab\/skos\/10959","https:\/\/adm.senado.leg.br\/vcb\/vocab\/skos\/3759","https:\/\/adm.senado.leg.br\/vcb\/vocab\/skos\/1039","https:\/\/adm.senado.leg.br\/vcb\/vocab\/skos\/25291"]}