{"@context":{"dc":"http:\/\/purl.org\/dc\/elements\/1.1\/","skos":"http:\/\/www.w3.org\/2004\/02\/skos\/core#","skos:broader":{"@type":"@id"},"skos:inScheme":{"@type":"@id"},"skos:related":{"@type":"@id"},"skos:narrower":{"@type":"@id"},"skos:hasTopConcept":{"@type":"@id"},"skos:topConceptOf":{"@type":"@id"}},"@id":"https:\/\/adm.senado.leg.br\/vcb\/vocab\/skos\/9331","@type":"skos:Concept","skos:prefLabel":{"@language":"pt-BR","@value=":"Coopera\u00e7\u00e3o energ\u00e9tica"},"skos:inScheme":"https:\/\/adm.senado.leg.br\/vcb\/vocab\/","dct:created":"2020-09-18 17:43:43","skos:broader":["https:\/\/adm.senado.leg.br\/vcb\/vocab\/skos\/1843","https:\/\/adm.senado.leg.br\/vcb\/vocab\/skos\/9327"],"skos:related":["https:\/\/adm.senado.leg.br\/vcb\/vocab\/skos\/3732","https:\/\/adm.senado.leg.br\/vcb\/vocab\/skos\/3314","https:\/\/adm.senado.leg.br\/vcb\/vocab\/skos\/3735","https:\/\/adm.senado.leg.br\/vcb\/vocab\/skos\/9354","https:\/\/adm.senado.leg.br\/vcb\/vocab\/skos\/3733","https:\/\/adm.senado.leg.br\/vcb\/vocab\/skos\/9332","https:\/\/adm.senado.leg.br\/vcb\/vocab\/skos\/4716"]}