{"@context":{"dc":"http:\/\/purl.org\/dc\/elements\/1.1\/","skos":"http:\/\/www.w3.org\/2004\/02\/skos\/core#","skos:broader":{"@type":"@id"},"skos:inScheme":{"@type":"@id"},"skos:related":{"@type":"@id"},"skos:narrower":{"@type":"@id"},"skos:hasTopConcept":{"@type":"@id"},"skos:topConceptOf":{"@type":"@id"}},"@id":"https:\/\/adm.senado.leg.br\/vcb\/vocab\/skos\/9350","@type":"skos:Concept","skos:prefLabel":{"@language":"pt-BR","@value=":"Coopera\u00e7\u00e3o jur\u00eddica nacional"},"skos:inScheme":"https:\/\/adm.senado.leg.br\/vcb\/vocab\/","dct:created":"2020-09-18 17:43:44","skos:definition":[{"@lang":"ab","@value":"A coopera\u00e7\u00e3o judici\u00e1ria, uma novidade inspirada na coopera\u00e7\u00e3o transnacional (rectius: coopera\u00e7\u00e3o comunit\u00e1ria) praticada na Uni\u00e3o Europeia, tem profundas implica\u00e7\u00f5es no interc\u00e2mbio de atos jurisdicionais, na harmoniza\u00e7\u00e3o de rotinas forenses, na colabora\u00e7\u00e3o para a produ\u00e7\u00e3o das provas, na comunica\u00e7\u00e3o interna e externa dos tribunais, mas tamb\u00e9m no pr\u00f3prio modelo de gest\u00e3o do Poder Judici\u00e1rio, porquanto prop\u00f5e a reconstru\u00e7\u00e3o de uma nova perspectiva do exerc\u00edcio da jurisdi\u00e7\u00e3o.$vChaves J\u00fanior, Jos\u00e9 Eduardo de Resende "}],"skos:broader":["https:\/\/adm.senado.leg.br\/vcb\/vocab\/skos\/3810","https:\/\/adm.senado.leg.br\/vcb\/vocab\/skos\/9327"],"skos:altLabel":[{"language":"pt-BR","value":"Coopera\u00e7\u00e3o judici\u00e1ria nacional"}],"skos:related":["https:\/\/adm.senado.leg.br\/vcb\/vocab\/skos\/6264","https:\/\/adm.senado.leg.br\/vcb\/vocab\/skos\/9343","https:\/\/adm.senado.leg.br\/vcb\/vocab\/skos\/23093","https:\/\/adm.senado.leg.br\/vcb\/vocab\/skos\/23095","https:\/\/adm.senado.leg.br\/vcb\/vocab\/skos\/2654"]}