{"@context":{"dc":"http:\/\/purl.org\/dc\/elements\/1.1\/","skos":"http:\/\/www.w3.org\/2004\/02\/skos\/core#","skos:broader":{"@type":"@id"},"skos:inScheme":{"@type":"@id"},"skos:related":{"@type":"@id"},"skos:narrower":{"@type":"@id"},"skos:hasTopConcept":{"@type":"@id"},"skos:topConceptOf":{"@type":"@id"}},"@id":"https:\/\/adm.senado.leg.br\/vcb\/vocab\/skos\/937","@type":"skos:Concept","skos:prefLabel":{"@language":"pt-BR","@value=":"Tratado"},"skos:inScheme":"https:\/\/adm.senado.leg.br\/vcb\/vocab\/","dct:created":"2020-09-18 17:42:59","skos:definition":[{"@lang":"ab","@value":"Instrumento internacional conclu\u00eddo por escrito entre Estados e regido pelo Direito Internacional, quer conste de um instrumento \u00fanico, quer de dois ou mais instrumentos conexos, qualquer que seja sua denomina\u00e7\u00e3o espec\u00edfica, conforme o art. 2\u00ba, da Conven\u00e7\u00e3o de Viena do Direito dos Tratados, de 23 de maio de 1969, promulgada pelo Decreto n\u00ba 7.030, de 14 de dezembro de 2009. "}],"skos:editorialNote":[{"@lang":"ab","@value":"341.124 "}],"skos:narrower":["https:\/\/adm.senado.leg.br\/vcb\/vocab\/skos\/1992","https:\/\/adm.senado.leg.br\/vcb\/vocab\/skos\/9176","https:\/\/adm.senado.leg.br\/vcb\/vocab\/skos\/941","https:\/\/adm.senado.leg.br\/vcb\/vocab\/skos\/3003","https:\/\/adm.senado.leg.br\/vcb\/vocab\/skos\/19769","https:\/\/adm.senado.leg.br\/vcb\/vocab\/skos\/25651"],"skos:broader":["https:\/\/adm.senado.leg.br\/vcb\/vocab\/skos\/938","https:\/\/adm.senado.leg.br\/vcb\/vocab\/skos\/9341"],"skos:altLabel":[{"language":"pt-BR","value":"Acordo internacional"},{"language":"pt-BR","value":"Ajuste internacional"},{"language":"pt-BR","value":"Conven\u00e7\u00e3o internacional"},{"language":"pt-BR","value":"Pacto internacional"},{"language":"pt-BR","value":"Tratado internacional"}],"skos:related":["https:\/\/adm.senado.leg.br\/vcb\/vocab\/skos\/932","https:\/\/adm.senado.leg.br\/vcb\/vocab\/skos\/3004","https:\/\/adm.senado.leg.br\/vcb\/vocab\/skos\/6393","https:\/\/adm.senado.leg.br\/vcb\/vocab\/skos\/8931","https:\/\/adm.senado.leg.br\/vcb\/vocab\/skos\/1843","https:\/\/adm.senado.leg.br\/vcb\/vocab\/skos\/9343","https:\/\/adm.senado.leg.br\/vcb\/vocab\/skos\/29735","https:\/\/adm.senado.leg.br\/vcb\/vocab\/skos\/4100","https:\/\/adm.senado.leg.br\/vcb\/vocab\/skos\/8406","https:\/\/adm.senado.leg.br\/vcb\/vocab\/skos\/7764","https:\/\/adm.senado.leg.br\/vcb\/vocab\/skos\/16156","https:\/\/adm.senado.leg.br\/vcb\/vocab\/skos\/19432","https:\/\/adm.senado.leg.br\/vcb\/vocab\/skos\/935","https:\/\/adm.senado.leg.br\/vcb\/vocab\/skos\/936","https:\/\/adm.senado.leg.br\/vcb\/vocab\/skos\/24534","https:\/\/adm.senado.leg.br\/vcb\/vocab\/skos\/13621"]}