{"@context":{"dc":"http:\/\/purl.org\/dc\/elements\/1.1\/","skos":"http:\/\/www.w3.org\/2004\/02\/skos\/core#","skos:broader":{"@type":"@id"},"skos:inScheme":{"@type":"@id"},"skos:related":{"@type":"@id"},"skos:narrower":{"@type":"@id"},"skos:hasTopConcept":{"@type":"@id"},"skos:topConceptOf":{"@type":"@id"}},"@id":"https:\/\/adm.senado.leg.br\/vcb\/vocab\/skos\/9550","@type":"skos:Concept","skos:prefLabel":{"@language":"pt-BR","@value=":"Ind\u00fastria de confec\u00e7\u00e3o"},"skos:inScheme":"https:\/\/adm.senado.leg.br\/vcb\/vocab\/","dct:created":"2020-09-18 17:43:45","skos:narrower":["https:\/\/adm.senado.leg.br\/vcb\/vocab\/skos\/24984"],"skos:broader":["https:\/\/adm.senado.leg.br\/vcb\/vocab\/skos\/5083"],"skos:altLabel":[{"language":"pt-BR","value":"Confec\u00e7\u00e3o, ind\u00fastria"},{"language":"pt-BR","value":"Ind\u00fastria da confec\u00e7\u00e3o"},{"language":"pt-BR","value":"Ind\u00fastria de confe\u00e7\u00e7\u00f5es"},{"language":"pt-BR","value":"Vestu\u00e1rio, ind\u00fastria"}],"skos:related":["https:\/\/adm.senado.leg.br\/vcb\/vocab\/skos\/9549","https:\/\/adm.senado.leg.br\/vcb\/vocab\/skos\/18727","https:\/\/adm.senado.leg.br\/vcb\/vocab\/skos\/18679","https:\/\/adm.senado.leg.br\/vcb\/vocab\/skos\/18728","https:\/\/adm.senado.leg.br\/vcb\/vocab\/skos\/5088"]}