{"@context":{"dc":"http:\/\/purl.org\/dc\/elements\/1.1\/","skos":"http:\/\/www.w3.org\/2004\/02\/skos\/core#","skos:broader":{"@type":"@id"},"skos:inScheme":{"@type":"@id"},"skos:related":{"@type":"@id"},"skos:narrower":{"@type":"@id"},"skos:hasTopConcept":{"@type":"@id"},"skos:topConceptOf":{"@type":"@id"}},"@id":"https:\/\/adm.senado.leg.br\/vcb\/vocab\/skos\/956","@type":"skos:Concept","skos:prefLabel":{"@language":"pt-BR","@value=":"Contrato individual de trabalho"},"skos:inScheme":"https:\/\/adm.senado.leg.br\/vcb\/vocab\/","dct:created":"2020-09-18 17:42:59","skos:definition":[{"@lang":"ab","@value":"Contrato Individual \u00e9 o acordo t\u00e1cito ou expresso, verbal ou escrito, por prazo determinado ou indeterminado, que corresponde a uma rela\u00e7\u00e3o de emprego, que pode ser objeto de livre estipula\u00e7\u00e3o dos interessados em tudo quanto n\u00e3o contravenha as disposi\u00e7\u00f5es de prote\u00e7\u00e3o do trabalho, \u00e0s conven\u00e7\u00f5es coletivas que lhe seja aplic\u00e1vel e as decis\u00f5es de autoridades competentes. Caracteriza-se toda vez que uma pessoa f\u00edsica prestar servi\u00e7o n\u00e3o eventual a outra pessoa f\u00edsica ou jur\u00eddica, mediante subordina\u00e7\u00e3o hier\u00e1rquica e pagamento de uma contrapresta\u00e7\u00e3o denominada sal\u00e1rio. (CLT, arts. 442 e 443, caput)$vGUIA trabalhista. "}],"skos:narrower":["https:\/\/adm.senado.leg.br\/vcb\/vocab\/skos\/29850","https:\/\/adm.senado.leg.br\/vcb\/vocab\/skos\/9139","https:\/\/adm.senado.leg.br\/vcb\/vocab\/skos\/22697","https:\/\/adm.senado.leg.br\/vcb\/vocab\/skos\/11385"],"skos:broader":["https:\/\/adm.senado.leg.br\/vcb\/vocab\/skos\/965"],"skos:altLabel":[{"language":"pt-BR","value":"Acordo individual de trabalho"},{"language":"pt-BR","value":"Contrato individual do trabalho"}],"skos:related":["https:\/\/adm.senado.leg.br\/vcb\/vocab\/skos\/959","https:\/\/adm.senado.leg.br\/vcb\/vocab\/skos\/960","https:\/\/adm.senado.leg.br\/vcb\/vocab\/skos\/961","https:\/\/adm.senado.leg.br\/vcb\/vocab\/skos\/962","https:\/\/adm.senado.leg.br\/vcb\/vocab\/skos\/963","https:\/\/adm.senado.leg.br\/vcb\/vocab\/skos\/38","https:\/\/adm.senado.leg.br\/vcb\/vocab\/skos\/964"]}