{"@context":{"dc":"http:\/\/purl.org\/dc\/elements\/1.1\/","skos":"http:\/\/www.w3.org\/2004\/02\/skos\/core#","skos:broader":{"@type":"@id"},"skos:inScheme":{"@type":"@id"},"skos:related":{"@type":"@id"},"skos:narrower":{"@type":"@id"},"skos:hasTopConcept":{"@type":"@id"},"skos:topConceptOf":{"@type":"@id"}},"@id":"https:\/\/adm.senado.leg.br\/vcb\/vocab\/skos\/9575","@type":"skos:Concept","skos:prefLabel":{"@language":"pt-BR","@value=":"Creche"},"skos:inScheme":"https:\/\/adm.senado.leg.br\/vcb\/vocab\/","dct:created":"2020-09-18 17:43:45","skos:definition":[{"@lang":"ab","@value":"Etapa da Educa\u00e7\u00e3o Infantil que presta atendimento a crian\u00e7as de at\u00e9 tr\u00eas anos de idade.$vANU\u00c1RIO Brasileiro da Educa\u00e7\u00e3o B\u00e1sica. S\u00e3o Paulo: Moderna, 2013. "}],"skos:narrower":["https:\/\/adm.senado.leg.br\/vcb\/vocab\/skos\/9579"],"skos:broader":["https:\/\/adm.senado.leg.br\/vcb\/vocab\/skos\/8112"],"skos:related":["https:\/\/adm.senado.leg.br\/vcb\/vocab\/skos\/8649","https:\/\/adm.senado.leg.br\/vcb\/vocab\/skos\/9576","https:\/\/adm.senado.leg.br\/vcb\/vocab\/skos\/9577","https:\/\/adm.senado.leg.br\/vcb\/vocab\/skos\/9578","https:\/\/adm.senado.leg.br\/vcb\/vocab\/skos\/9669"]}