{"@context":{"dc":"http:\/\/purl.org\/dc\/elements\/1.1\/","skos":"http:\/\/www.w3.org\/2004\/02\/skos\/core#","skos:broader":{"@type":"@id"},"skos:inScheme":{"@type":"@id"},"skos:related":{"@type":"@id"},"skos:narrower":{"@type":"@id"},"skos:hasTopConcept":{"@type":"@id"},"skos:topConceptOf":{"@type":"@id"}},"@id":"https:\/\/adm.senado.leg.br\/vcb\/vocab\/skos\/9577","@type":"skos:Concept","skos:prefLabel":{"@language":"pt-BR","@value=":"\u00cdndice de desenvolvimento infantil"},"skos:inScheme":"https:\/\/adm.senado.leg.br\/vcb\/vocab\/","dct:created":"2020-09-18 17:43:45","skos:definition":[{"@lang":"ab","@value":"Indicador desenvolvido pelo Unicef, que incorpora vari\u00e1veis como oferta de servi\u00e7os de sa\u00fade; oferta de servi\u00e7os de Educa\u00e7\u00e3o e cuidado e prote\u00e7\u00e3o que a fam\u00edlia deve proporcionar \u00e0 crian\u00e7a nos primeiros anos. O \u00edndice \u00e9 calculado com base nos seguintes indicadores: escolaridade da m\u00e3e e do pai, matr\u00edcula de crian\u00e7as de 4 a 6 anos na Pr\u00e9-Escola e acesso a servi\u00e7os de sa\u00fade (pr\u00e9-natal e vacina\u00e7\u00e3o).$vANU\u00c1RIO Brasileiro da Educa\u00e7\u00e3o B\u00e1sica). (VCE-TCU "}],"skos:related":["https:\/\/adm.senado.leg.br\/vcb\/vocab\/skos\/9575","https:\/\/adm.senado.leg.br\/vcb\/vocab\/skos\/8649","https:\/\/adm.senado.leg.br\/vcb\/vocab\/skos\/3725","https:\/\/adm.senado.leg.br\/vcb\/vocab\/skos\/9578"]}