{"@context":{"dc":"http:\/\/purl.org\/dc\/elements\/1.1\/","skos":"http:\/\/www.w3.org\/2004\/02\/skos\/core#","skos:broader":{"@type":"@id"},"skos:inScheme":{"@type":"@id"},"skos:related":{"@type":"@id"},"skos:narrower":{"@type":"@id"},"skos:hasTopConcept":{"@type":"@id"},"skos:topConceptOf":{"@type":"@id"}},"@id":"https:\/\/adm.senado.leg.br\/vcb\/vocab\/skos\/9681","@type":"skos:Concept","skos:prefLabel":{"@language":"pt-BR","@value=":"Viol\u00eancia contra a crian\u00e7a e  o adolescente"},"skos:inScheme":"https:\/\/adm.senado.leg.br\/vcb\/vocab\/","dct:created":"2020-09-18 17:43:46","dct:modified":"2025-09-02 10:01:38","skos:editorialNote":[{"@lang":"ab","@value":"341.533 "}],"skos:broader":["https:\/\/adm.senado.leg.br\/vcb\/vocab\/skos\/1679"],"skos:altLabel":[{"language":"pt-BR","value":"Viol\u00eancia contra a crian\u00e7a"},{"language":"pt-BR","value":"Viol\u00eancia contra crian\u00e7as"},{"language":"pt-BR","value":"Viol\u00eancia contra menor"},{"language":"pt-BR","value":"Viol\u00eancia contra menores"},{"language":"pt-BR","value":"Viol\u00eancia contra o menor"}],"skos:related":["https:\/\/adm.senado.leg.br\/vcb\/vocab\/skos\/10595","https:\/\/adm.senado.leg.br\/vcb\/vocab\/skos\/9672","https:\/\/adm.senado.leg.br\/vcb\/vocab\/skos\/29586","https:\/\/adm.senado.leg.br\/vcb\/vocab\/skos\/9682","https:\/\/adm.senado.leg.br\/vcb\/vocab\/skos\/7956"]}