{"@context":{"dc":"http:\/\/purl.org\/dc\/elements\/1.1\/","skos":"http:\/\/www.w3.org\/2004\/02\/skos\/core#","skos:broader":{"@type":"@id"},"skos:inScheme":{"@type":"@id"},"skos:related":{"@type":"@id"},"skos:narrower":{"@type":"@id"},"skos:hasTopConcept":{"@type":"@id"},"skos:topConceptOf":{"@type":"@id"}},"@id":"https:\/\/adm.senado.leg.br\/vcb\/vocab\/skos\/97","@type":"skos:Concept","skos:prefLabel":{"@language":"pt-BR","@value=":"Instala\u00e7\u00e3o agr\u00edcola"},"skos:inScheme":"https:\/\/adm.senado.leg.br\/vcb\/vocab\/","dct:created":"2020-09-18 17:42:56","skos:narrower":["https:\/\/adm.senado.leg.br\/vcb\/vocab\/skos\/13212","https:\/\/adm.senado.leg.br\/vcb\/vocab\/skos\/13938","https:\/\/adm.senado.leg.br\/vcb\/vocab\/skos\/96","https:\/\/adm.senado.leg.br\/vcb\/vocab\/skos\/3184","https:\/\/adm.senado.leg.br\/vcb\/vocab\/skos\/18923"],"skos:broader":["https:\/\/adm.senado.leg.br\/vcb\/vocab\/skos\/14785"],"skos:altLabel":[{"language":"pt-BR","value":"Constru\u00e7\u00e3o rural"},{"language":"pt-BR","value":"Edif\u00edcio agr\u00edcola"}],"skos:related":["https:\/\/adm.senado.leg.br\/vcb\/vocab\/skos\/3226","https:\/\/adm.senado.leg.br\/vcb\/vocab\/skos\/16045"]}