{"@context":{"dc":"http:\/\/purl.org\/dc\/elements\/1.1\/","skos":"http:\/\/www.w3.org\/2004\/02\/skos\/core#","skos:broader":{"@type":"@id"},"skos:inScheme":{"@type":"@id"},"skos:related":{"@type":"@id"},"skos:narrower":{"@type":"@id"},"skos:hasTopConcept":{"@type":"@id"},"skos:topConceptOf":{"@type":"@id"}},"@id":"https:\/\/adm.senado.leg.br\/vcb\/vocab\/skos\/9732","@type":"skos:Concept","skos:prefLabel":{"@language":"pt-BR","@value=":"Degrada\u00e7\u00e3o ambiental"},"skos:inScheme":"https:\/\/adm.senado.leg.br\/vcb\/vocab\/","dct:created":"2020-09-18 17:43:47","skos:definition":[{"@lang":"ab","@value":"Altera\u00e7\u00e3o adversa dos processos, fun\u00e7\u00f5es ou componentes ambientais ou uma altera\u00e7\u00e3o adversa da qualidade ambiental.$vSANCHEZ, Luiz E. Avalia\u00e7\u00e3o de impacto ambiental: conceitos e m\u00e9todos. Editora Oficina de textos, 2008 "},{"@lang":"ab","@value":"Esgotamento ou destrui\u00e7\u00e3o de um recurso potencialmente renov\u00e1vel, como solo, pastagem, floresta ou vida selvagem, por sua utiliza\u00e7\u00e3o num ritmo mais r\u00e1pido do que o de seu reabastecimento natural (Dic. de Ecologia e Ci\u00eancias Ambientais - Henry W. Art) "}],"skos:narrower":["https:\/\/adm.senado.leg.br\/vcb\/vocab\/skos\/7322","https:\/\/adm.senado.leg.br\/vcb\/vocab\/skos\/3492","https:\/\/adm.senado.leg.br\/vcb\/vocab\/skos\/5649","https:\/\/adm.senado.leg.br\/vcb\/vocab\/skos\/2954","https:\/\/adm.senado.leg.br\/vcb\/vocab\/skos\/3530","https:\/\/adm.senado.leg.br\/vcb\/vocab\/skos\/6839","https:\/\/adm.senado.leg.br\/vcb\/vocab\/skos\/1812"],"skos:broader":["https:\/\/adm.senado.leg.br\/vcb\/vocab\/skos\/756"],"skos:altLabel":[{"language":"pt-BR","value":"Degrada\u00e7\u00e3o da natureza"},{"language":"pt-BR","value":"Degrada\u00e7\u00e3o do ambiente"},{"language":"pt-BR","value":"Degrada\u00e7\u00e3o do meio ambiente"},{"language":"pt-BR","value":"Degrada\u00e7\u00e3o ecol\u00f3gica"},{"language":"pt-BR","value":"Destrui\u00e7\u00e3o ambiental"},{"language":"pt-BR","value":"Deteriora\u00e7\u00e3o ambiental"},{"language":"pt-BR","value":"Deteriora\u00e7\u00e3o do ambiente"},{"language":"pt-BR","value":"Preju\u00edzo ambiental"},{"language":"pt-BR","value":"Preju\u00edzo ao meio ambiente"}],"skos:related":["https:\/\/adm.senado.leg.br\/vcb\/vocab\/skos\/6838","https:\/\/adm.senado.leg.br\/vcb\/vocab\/skos\/8209","https:\/\/adm.senado.leg.br\/vcb\/vocab\/skos\/8585","https:\/\/adm.senado.leg.br\/vcb\/vocab\/skos\/8779","https:\/\/adm.senado.leg.br\/vcb\/vocab\/skos\/9698","https:\/\/adm.senado.leg.br\/vcb\/vocab\/skos\/8583","https:\/\/adm.senado.leg.br\/vcb\/vocab\/skos\/4288","https:\/\/adm.senado.leg.br\/vcb\/vocab\/skos\/4289","https:\/\/adm.senado.leg.br\/vcb\/vocab\/skos\/375","https:\/\/adm.senado.leg.br\/vcb\/vocab\/skos\/29937","https:\/\/adm.senado.leg.br\/vcb\/vocab\/skos\/5345","https:\/\/adm.senado.leg.br\/vcb\/vocab\/skos\/1189","https:\/\/adm.senado.leg.br\/vcb\/vocab\/skos\/6719","https:\/\/adm.senado.leg.br\/vcb\/vocab\/skos\/1723","https:\/\/adm.senado.leg.br\/vcb\/vocab\/skos\/12493","https:\/\/adm.senado.leg.br\/vcb\/vocab\/skos\/4553"]}