{"@context":{"dc":"http:\/\/purl.org\/dc\/elements\/1.1\/","skos":"http:\/\/www.w3.org\/2004\/02\/skos\/core#","skos:broader":{"@type":"@id"},"skos:inScheme":{"@type":"@id"},"skos:related":{"@type":"@id"},"skos:narrower":{"@type":"@id"},"skos:hasTopConcept":{"@type":"@id"},"skos:topConceptOf":{"@type":"@id"}},"@id":"https:\/\/adm.senado.leg.br\/vcb\/vocab\/skos\/9737","@type":"skos:Concept","skos:prefLabel":{"@language":"pt-BR","@value=":"Obstru\u00e7\u00e3o da justi\u00e7a"},"skos:inScheme":"https:\/\/adm.senado.leg.br\/vcb\/vocab\/","dct:created":"2020-09-18 17:43:47","skos:definition":[{"@lang":"ab","@value":"\"[...] diversas condutas atinentes a atrapalhar, embara\u00e7ar ou influenciar indevidamente o bom andamento da persecu\u00e7\u00e3o penal, nela compreendida a fase inquisitorial e processual.\" (REYNER, 2017) "}],"skos:editorialNote":[{"@lang":"ab","@value":"341.5518 "}],"skos:broader":["https:\/\/adm.senado.leg.br\/vcb\/vocab\/skos\/292"],"skos:altLabel":[{"language":"pt-BR","value":"Crime de obstru\u00e7\u00e3o da justi\u00e7a"}]}