{"@context":{"dc":"http:\/\/purl.org\/dc\/elements\/1.1\/","skos":"http:\/\/www.w3.org\/2004\/02\/skos\/core#","skos:broader":{"@type":"@id"},"skos:inScheme":{"@type":"@id"},"skos:related":{"@type":"@id"},"skos:narrower":{"@type":"@id"},"skos:hasTopConcept":{"@type":"@id"},"skos:topConceptOf":{"@type":"@id"}},"@id":"https:\/\/adm.senado.leg.br\/vcb\/vocab\/skos\/976","@type":"skos:Concept","skos:prefLabel":{"@language":"pt-BR","@value=":"Coliga\u00e7\u00e3o partid\u00e1ria"},"skos:inScheme":"https:\/\/adm.senado.leg.br\/vcb\/vocab\/","dct:created":"2020-09-18 17:42:59","skos:scopeNote":[{"@lang":"pt-BR","@value":"Usar para alian\u00e7a pr\u00e9-eleitoral entre partidos para registrar chapa comum de candidatos a postos eletivos. "}],"skos:definition":[{"@lang":"pt-BR","@value":"Coliga\u00e7\u00e3o \u00e9 a uni\u00e3o de dois ou mais partidos com vistas na apresenta\u00e7\u00e3o conjunta de candidatos a determinada elei\u00e7\u00e3o. A coliga\u00e7\u00e3o, apesar de n\u00e3o possuir personalidade jur\u00eddica civil, como os partidos, \u00e9 um ente jur\u00eddico com direitos e obriga\u00e7\u00f5es durante todo o processo eleitoral. \u00c9 uma entidade jur\u00eddica de direito eleitoral, tempor\u00e1ria, com todos os direitos assegurados aos partidos, e com todas as suas obriga\u00e7\u00f5es, inclusive as resultantes de contratos com terceiros, e as decorrentes de atos il\u00edcitos.$uhttps:\/\/www.tse.jus.br\/eleitor\/glossario\/termos-iniciados-com-a-letra-c "}],"skos:editorialNote":[{"@lang":"ab","@value":"341.29 "}],"skos:broader":["https:\/\/adm.senado.leg.br\/vcb\/vocab\/skos\/979","https:\/\/adm.senado.leg.br\/vcb\/vocab\/skos\/3969"],"skos:altLabel":[{"language":"pt-BR","value":"Coliga\u00e7\u00e3o eleitoral"}],"skos:related":["https:\/\/adm.senado.leg.br\/vcb\/vocab\/skos\/974","https:\/\/adm.senado.leg.br\/vcb\/vocab\/skos\/975","https:\/\/adm.senado.leg.br\/vcb\/vocab\/skos\/2120","https:\/\/adm.senado.leg.br\/vcb\/vocab\/skos\/977","https:\/\/adm.senado.leg.br\/vcb\/vocab\/skos\/29211","https:\/\/adm.senado.leg.br\/vcb\/vocab\/skos\/978","https:\/\/adm.senado.leg.br\/vcb\/vocab\/skos\/2842","https:\/\/adm.senado.leg.br\/vcb\/vocab\/skos\/7567"]}