{"@context":{"dc":"http:\/\/purl.org\/dc\/elements\/1.1\/","skos":"http:\/\/www.w3.org\/2004\/02\/skos\/core#","skos:broader":{"@type":"@id"},"skos:inScheme":{"@type":"@id"},"skos:related":{"@type":"@id"},"skos:narrower":{"@type":"@id"},"skos:hasTopConcept":{"@type":"@id"},"skos:topConceptOf":{"@type":"@id"}},"@id":"https:\/\/adm.senado.leg.br\/vcb\/vocab\/skos\/9871","@type":"skos:Concept","skos:prefLabel":{"@language":"pt-BR","@value=":"Crime contra ind\u00edgenas"},"skos:inScheme":"https:\/\/adm.senado.leg.br\/vcb\/vocab\/","dct:created":"2020-09-18 17:43:50","dct:modified":"2025-08-28 09:45:53","skos:editorialNote":[{"@lang":"ab","@value":"341.5562 "}],"skos:broader":["https:\/\/adm.senado.leg.br\/vcb\/vocab\/skos\/2591"],"skos:altLabel":[{"language":"pt-BR","value":"Crime contra o \u00edndio"},{"language":"pt-BR","value":"Crimes contra ind\u00edgenas"},{"language":"pt-BR","value":"Crimes contra os \u00edndios"}],"skos:related":["https:\/\/adm.senado.leg.br\/vcb\/vocab\/skos\/3422"]}