{"@context":{"dc":"http:\/\/purl.org\/dc\/elements\/1.1\/","skos":"http:\/\/www.w3.org\/2004\/02\/skos\/core#","skos:broader":{"@type":"@id"},"skos:inScheme":{"@type":"@id"},"skos:related":{"@type":"@id"},"skos:narrower":{"@type":"@id"},"skos:hasTopConcept":{"@type":"@id"},"skos:topConceptOf":{"@type":"@id"}},"@id":"https:\/\/adm.senado.leg.br\/vcb\/vocab\/skos\/9903","@type":"skos:Concept","skos:prefLabel":{"@language":"pt-BR","@value=":"Crime funcional"},"skos:inScheme":"https:\/\/adm.senado.leg.br\/vcb\/vocab\/","dct:created":"2020-09-18 17:43:51","skos:definition":[{"@lang":"pt-BR","@value":"Crime funcional\u00a0\u00e9 um tipo de infra\u00e7\u00e3o penal cometida intencionalmente por um funcion\u00e1rio p\u00fablico contra a administra\u00e7\u00e3o p\u00fablica, conforme previsto no C\u00f3digo Penal. Essa categoria se divide em\u00a0pr\u00f3prios\u00a0(onde a aus\u00eancia da qualidade de funcion\u00e1rio p\u00fablico torna o fato at\u00edpico, como a prevarica\u00e7\u00e3o) e\u00a0impr\u00f3prios\u00a0(onde a aus\u00eancia dessa qualidade leva \u00e0 desclassifica\u00e7\u00e3o para outro crime, como o peculato-furto, que se torna furto).\u00a0 "}],"skos:editorialNote":[{"@lang":"ab","@value":"341.55173 "}],"skos:broader":["https:\/\/adm.senado.leg.br\/vcb\/vocab\/skos\/1280"],"skos:related":["https:\/\/adm.senado.leg.br\/vcb\/vocab\/skos\/9711","https:\/\/adm.senado.leg.br\/vcb\/vocab\/skos\/264"]}